{"id":5659,"date":"2021-11-30T23:12:29","date_gmt":"2021-11-30T22:12:29","guid":{"rendered":"https:\/\/lucedellapace.it\/w\/?p=5659"},"modified":"2021-12-13T23:03:51","modified_gmt":"2021-12-13T22:03:51","slug":"aggiunta-tratta-bologna-ravenna","status":"publish","type":"post","link":"https:\/\/lucedellapace.it\/w\/aggiunta-tratta-bologna-ravenna\/","title":{"rendered":"Aggiunta tratta Bologna-Ravenna"},"content":{"rendered":"\n<p>Orari su <a href=\"https:\/\/lucedellapace.it\/w\/accogliere\/orari-dei-treni-2021\/lecce-2021\/bo-ravenna-2021\/\">https:\/\/lucedellapace.it\/w\/accogliere\/orari-dei-treni-2021\/lecce-2021\/bo-ravenna-2021<\/a><\/p>\n\n\n\n<p>E&#8217; possibile prenotarsi su quella tratta. Nel caso ci si fosse gi\u00e0 prenotati su un&#8217;altra tratta e si intendesse prendere la Luce su questa tratta baster\u00e0 rifare l&#8217;adesione per una delle nuove stazioni, la vecchia adesione verr\u00e0 cancellata d&#8217;ufficio.<\/p>\n\n\n\n<p>Stiamo lavorando anche per la tratta Messina-Palermo che verr\u00e0 pubblicata fra qualche giorno.<\/p>\n","protected":false},"excerpt":{"rendered":"<p>Orari su https:\/\/lucedellapace.it\/w\/accogliere\/orari-dei-treni-2021\/lecce-2021\/bo-ravenna-2021 E&#8217; possibile prenotarsi su quella tratta. Nel caso ci si fosse gi\u00e0 prenotati su un&#8217;altra tratta e si intendesse prendere la Luce su questa tratta baster\u00e0 rifare [&hellip;]<\/p>\n","protected":false},"author":1,"featured_media":0,"comment_status":"open","ping_status":"open","sticky":false,"template":"","format":"standard","meta":{"footnotes":""},"categories":[96],"tags":[],"class_list":["post-5659","post","type-post","status-publish","format-standard","hentry","category-avvisi-2021"],"_links":{"self":[{"href":"https:\/\/lucedellapace.it\/w\/wp-json\/wp\/v2\/posts\/5659","targetHints":{"allow":["GET"]}}],"collection":[{"href":"https:\/\/lucedellapace.it\/w\/wp-json\/wp\/v2\/posts"}],"about":[{"href":"https:\/\/lucedellapace.it\/w\/wp-json\/wp\/v2\/types\/post"}],"author":[{"embeddable":true,"href":"https:\/\/lucedellapace.it\/w\/wp-json\/wp\/v2\/users\/1"}],"replies":[{"embeddable":true,"href":"https:\/\/lucedellapace.it\/w\/wp-json\/wp\/v2\/comments?post=5659"}],"version-history":[{"count":2,"href":"https:\/\/lucedellapace.it\/w\/wp-json\/wp\/v2\/posts\/5659\/revisions"}],"predecessor-version":[{"id":5661,"href":"https:\/\/lucedellapace.it\/w\/wp-json\/wp\/v2\/posts\/5659\/revisions\/5661"}],"wp:attachment":[{"href":"https:\/\/lucedellapace.it\/w\/wp-json\/wp\/v2\/media?parent=5659"}],"wp:term":[{"taxonomy":"category","embeddable":true,"href":"https:\/\/lucedellapace.it\/w\/wp-json\/wp\/v2\/categories?post=5659"},{"taxonomy":"post_tag","embeddable":true,"href":"https:\/\/lucedellapace.it\/w\/wp-json\/wp\/v2\/tags?post=5659"}],"curies":[{"name":"wp","href":"https:\/\/api.w.org\/{rel}","templated":true}]}}